{"id":279,"date":"2021-09-15T20:07:13","date_gmt":"2021-09-15T20:07:13","guid":{"rendered":"http:\/\/afainsvalldellemena.cat\/?p=279"},"modified":"2022-07-08T19:58:32","modified_gmt":"2022-07-08T19:58:32","slug":"normativa-de-menjador-21-22","status":"publish","type":"post","link":"http:\/\/afainsvalldellemena.cat\/index.php\/2021\/09\/15\/normativa-de-menjador-21-22\/","title":{"rendered":"Normativa de menjador 21-22"},"content":{"rendered":"\n<p>Hola fam\u00edlies, <\/p>\n\n\n\n<p>estem a les portes del nou curs i el servei de menjador ja est\u00e0 preparat per acollir als vostres fills i filles, amb un projecte d&#8217;alimentaci\u00f3 saludable, equilibrada i segura, dins l&#8217;entorn escolar.<\/p>\n\n\n\n<p>Per fer us del servei de Menjador cal registrar-se obligat\u00f2riament , els alumnes que ja han fet \u00fas del servei de Menjador nom\u00e9s cal que tornin a omplir el full d\u2019inscripci\u00f3 en cas d\u2019haver de modificar alguna\u00a0dada.<\/p>\n\n\n\n<p>Us adjuntem la normativa d&#8217;aquest any:<\/p>\n\n\n\n<div class=\"wp-block-file\"><object class=\"wp-block-file__embed\" data=\"http:\/\/afainsvalldellemena.cat\/wp-content\/uploads\/2021\/09\/Normativa-menjador-Institut-Vall-de-LlA\u00a9\ufe0fmena.pdf\" type=\"application\/pdf\" style=\"width:100%;height:600px\" aria-label=\"Incrustaci\u00f3 del fitxer Normativa-menjador-Institut-Vall-de-LlA\u00a9\ufe0fmena.\"><\/object><a href=\"http:\/\/afainsvalldellemena.cat\/wp-content\/uploads\/2021\/09\/Normativa-menjador-Institut-Vall-de-LlA\u00a9\ufe0fmena.pdf\">Normativa-menjador-Institut-Vall-de-LlA\u00a9\ufe0fmena<\/a><a href=\"http:\/\/afainsvalldellemena.cat\/wp-content\/uploads\/2021\/09\/Normativa-menjador-Institut-Vall-de-LlA\u00a9\ufe0fmena.pdf\" class=\"wp-block-file__button\" download>Baixa<\/a><\/div>\n\n\n\n<p>Si teniu algun dubte podeu contactar directament amb la Raquel (coordinadora del menjador) al  <strong>648 75 21 02<\/strong><\/p>\n","protected":false},"excerpt":{"rendered":"<p>Hola fam\u00edlies, estem a les portes del nou curs i el servei de menjador ja est\u00e0 preparat per acollir als vostres fills i filles, amb un projecte d&#8217;alimentaci\u00f3 saludable, equilibrada i segura, dins l&#8217;entorn escolar. Per fer us del servei de Menjador cal registrar-se obligat\u00f2riament , els alumnes que ja han fet \u00fas del servei<a class=\"more-link\" href=\"http:\/\/afainsvalldellemena.cat\/index.php\/2021\/09\/15\/normativa-de-menjador-21-22\/\">Continue reading <span class=\"screen-reader-text\">&#8220;Normativa de menjador 21-22&#8221;<\/span><\/a><\/p>\n","protected":false},"author":1,"featured_media":281,"comment_status":"closed","ping_status":"open","sticky":false,"template":"","format":"standard","meta":[],"categories":[1],"tags":[],"_links":{"self":[{"href":"http:\/\/afainsvalldellemena.cat\/index.php\/wp-json\/wp\/v2\/posts\/279"}],"collection":[{"href":"http:\/\/afainsvalldellemena.cat\/index.php\/wp-json\/wp\/v2\/posts"}],"about":[{"href":"http:\/\/afainsvalldellemena.cat\/index.php\/wp-json\/wp\/v2\/types\/post"}],"author":[{"embeddable":true,"href":"http:\/\/afainsvalldellemena.cat\/index.php\/wp-json\/wp\/v2\/users\/1"}],"replies":[{"embeddable":true,"href":"http:\/\/afainsvalldellemena.cat\/index.php\/wp-json\/wp\/v2\/comments?post=279"}],"version-history":[{"count":2,"href":"http:\/\/afainsvalldellemena.cat\/index.php\/wp-json\/wp\/v2\/posts\/279\/revisions"}],"predecessor-version":[{"id":283,"href":"http:\/\/afainsvalldellemena.cat\/index.php\/wp-json\/wp\/v2\/posts\/279\/revisions\/283"}],"wp:featuredmedia":[{"embeddable":true,"href":"http:\/\/afainsvalldellemena.cat\/index.php\/wp-json\/wp\/v2\/media\/281"}],"wp:attachment":[{"href":"http:\/\/afainsvalldellemena.cat\/index.php\/wp-json\/wp\/v2\/media?parent=279"}],"wp:term":[{"taxonomy":"category","embeddable":true,"href":"http:\/\/afainsvalldellemena.cat\/index.php\/wp-json\/wp\/v2\/categories?post=279"},{"taxonomy":"post_tag","embeddable":true,"href":"http:\/\/afainsvalldellemena.cat\/index.php\/wp-json\/wp\/v2\/tags?post=279"}],"curies":[{"name":"wp","href":"https:\/\/api.w.org\/{rel}","templated":true}]}}