{"id":309,"date":"2022-10-31T08:24:48","date_gmt":"2022-10-31T08:24:48","guid":{"rendered":"https:\/\/afainsvalldellemena.cat\/?p=309"},"modified":"2022-10-31T08:24:48","modified_gmt":"2022-10-31T08:24:48","slug":"assemblea-8-de-novembre","status":"publish","type":"post","link":"http:\/\/afainsvalldellemena.cat\/index.php\/2022\/10\/31\/assemblea-8-de-novembre\/","title":{"rendered":"Assemblea 8 de novembre"},"content":{"rendered":"\n<p>Benvolgudes fam\u00edlies,<br>Com a part de l&#8217;AFA et convoquem a l&#8217;ASSEMBLEA ORDIN\u00c0RIA DE L&#8217;AFA DE L&#8217;INSTITUT VALL DE LL\u00c9MENA, que es far\u00e0 virtualment a trav\u00e9s de la plataforma &#8220;Google Meet&#8221;, el dimarts 08 de novembre a les 20:55 en primera convocat\u00f2ria i les 21:00 en segona.<br><\/p>\n\n\n\n<p>Rebreu l&#8217;enlla\u00e7 de connexi\u00f3 pels grups de whatsapp de l&#8217;AFA.<\/p>\n\n\n\n<ol><li>Aprovaci\u00f3 de l\u2019acta de l\u2019assemblea 23 Maig 2022 i assemblea extraordin\u00e0ria 19 juliol 2022.<\/li><li>Presentaci\u00f3 del servei Salut i Escola (Rosa Isabel Gonz\u00e1lez)<\/li><li>Mem\u00f2ria de L\u2019AFA. Resum activitats realitzades curs 2021-2022.<br>2.1 Qui forma l\u2019AFA<br>2.2 Presentaci\u00f3 d\u2019accions i actuacions curs 2021-2022<br>2.3 Comissions<\/li><li>Gesti\u00f3 de Llibres Projecte de socialitzaci\u00f3 de llibres<\/li><li>Gesti\u00f3 de la comunicaci\u00f3<\/li><li>Estat de Comptes 2021-2022<\/li><li>Pressupost 2022-2023<\/li><li>Informacions diverses<br>7.1 Prioritats AFA<br>7.2 Participaci\u00f3 Consell escolar<br>7.3 Fons Solidari (protocol per les ajudes)<br>7.4 Activitats extraescolars<br>7.5 Dades (projectes nous, instituts de refer\u00e8ncia )<\/li><li>Renovaci\u00f3 de c\u00e0rrecs<\/li><li>Precs i preguntes<\/li><\/ol>\n\n\n\n<p>Podeu trobar l&#8217;\u00faltima acta del 23 de maig del 2022 al web de l&#8217;afa: http:\/\/afainsvalldellemena.cat\/<br>Comptem amb la vostra assist\u00e8ncia i participaci\u00f3!<\/p>\n","protected":false},"excerpt":{"rendered":"<p>Benvolgudes fam\u00edlies,Com a part de l&#8217;AFA et convoquem a l&#8217;ASSEMBLEA ORDIN\u00c0RIA DE L&#8217;AFA DE L&#8217;INSTITUT VALL DE LL\u00c9MENA, que es far\u00e0 virtualment a trav\u00e9s de la plataforma &#8220;Google Meet&#8221;, el dimarts 08 de novembre a les 20:55 en primera convocat\u00f2ria i les 21:00 en segona. Rebreu l&#8217;enlla\u00e7 de connexi\u00f3 pels grups de whatsapp de l&#8217;AFA.<a class=\"more-link\" href=\"http:\/\/afainsvalldellemena.cat\/index.php\/2022\/10\/31\/assemblea-8-de-novembre\/\">Continue reading <span class=\"screen-reader-text\">&#8220;Assemblea 8 de novembre&#8221;<\/span><\/a><\/p>\n","protected":false},"author":1,"featured_media":272,"comment_status":"closed","ping_status":"open","sticky":false,"template":"","format":"standard","meta":[],"categories":[1],"tags":[],"_links":{"self":[{"href":"http:\/\/afainsvalldellemena.cat\/index.php\/wp-json\/wp\/v2\/posts\/309"}],"collection":[{"href":"http:\/\/afainsvalldellemena.cat\/index.php\/wp-json\/wp\/v2\/posts"}],"about":[{"href":"http:\/\/afainsvalldellemena.cat\/index.php\/wp-json\/wp\/v2\/types\/post"}],"author":[{"embeddable":true,"href":"http:\/\/afainsvalldellemena.cat\/index.php\/wp-json\/wp\/v2\/users\/1"}],"replies":[{"embeddable":true,"href":"http:\/\/afainsvalldellemena.cat\/index.php\/wp-json\/wp\/v2\/comments?post=309"}],"version-history":[{"count":1,"href":"http:\/\/afainsvalldellemena.cat\/index.php\/wp-json\/wp\/v2\/posts\/309\/revisions"}],"predecessor-version":[{"id":310,"href":"http:\/\/afainsvalldellemena.cat\/index.php\/wp-json\/wp\/v2\/posts\/309\/revisions\/310"}],"wp:featuredmedia":[{"embeddable":true,"href":"http:\/\/afainsvalldellemena.cat\/index.php\/wp-json\/wp\/v2\/media\/272"}],"wp:attachment":[{"href":"http:\/\/afainsvalldellemena.cat\/index.php\/wp-json\/wp\/v2\/media?parent=309"}],"wp:term":[{"taxonomy":"category","embeddable":true,"href":"http:\/\/afainsvalldellemena.cat\/index.php\/wp-json\/wp\/v2\/categories?post=309"},{"taxonomy":"post_tag","embeddable":true,"href":"http:\/\/afainsvalldellemena.cat\/index.php\/wp-json\/wp\/v2\/tags?post=309"}],"curies":[{"name":"wp","href":"https:\/\/api.w.org\/{rel}","templated":true}]}}